{"id":16697,"date":"2026-03-03T17:33:48","date_gmt":"2026-03-03T15:33:48","guid":{"rendered":"https:\/\/www.cgcanigo.net\/?p=16697"},"modified":"2026-03-03T17:33:48","modified_gmt":"2026-03-03T15:33:48","slug":"novedades-legislativas-del-ano-en-materia-fiscal-y-laboral-en-espana","status":"publish","type":"post","link":"http:\/\/www.cgcanigo.net\/es\/novedades-legislativas-del-ano-en-materia-fiscal-y-laboral-en-espana\/","title":{"rendered":"Novedades legislativas del a\u00f1o en materia fiscal y laboral en Espa\u00f1a"},"content":{"rendered":"<p class=\"p1\">En <a href=\"https:\/\/www.cgcanigo.net\/es\/\"><span class=\"s1\"><b>CG Canig\u00f3<\/b><\/span><\/a>, tu <span class=\"s1\"><b>gestor\u00eda en Girona<\/b><\/span> de confianza, sabemos lo importante que es para empresarios, aut\u00f3nomos y profesionales estar al d\u00eda con los cambios legislativos que afectan a la fiscalidad y al \u00e1mbito laboral. Cada a\u00f1o el Gobierno introduce reformas que impactan en impuestos, cotizaciones, deducciones, obligaciones formales y derechos laborales. Por eso, en este art\u00edculo te ofrecemos un <span class=\"s1\"><b>resumen actualizado de las principales novedades legislativas del a\u00f1o<\/b><\/span>, con enfoque pr\u00e1ctico y \u00fatil para quienes desarrollan su actividad en Girona, Roses, Figueres y toda la provincia de Girona.<\/p>\n<p class=\"p1\">Estar informado sobre las novedades fiscales y laborales no solo evita sanciones por incumplimiento, sino que tambi\u00e9n permite aprovechar incentivos y optimizar la gesti\u00f3n de tu negocio. Como gestor\u00eda en Girona especializada en asesoramiento contable, fiscal y laboral, te explicamos los cambios m\u00e1s relevantes a continuaci\u00f3n.<\/p>\n<h3><b>Cambios fiscales que afectan a empresas y aut\u00f3nomos<\/b><\/h3>\n<p class=\"p4\"><b>1. Actualizaci\u00f3n de los tramos del IRPF<\/b><b><\/b><\/p>\n<p class=\"p1\">El ejercicio fiscal ha tra\u00eddo una modificaci\u00f3n en los tramos del Impuesto sobre la Renta de las Personas F\u00edsicas (IRPF), con la intenci\u00f3n de ajustar la tributaci\u00f3n a la realidad econ\u00f3mica actual. Esta modificaci\u00f3n afecta especialmente a aut\u00f3nomos y profesionales que tributan por esta v\u00eda. En nuestra gestor\u00eda en Girona te ayudamos a calcular correctamente el impacto de estos tramos en tus pagos fraccionados y en la declaraci\u00f3n anual.<\/p>\n<p class=\"p4\"><b>2. Deducciones y bonificaciones nuevas<\/b><b><\/b><\/p>\n<p class=\"p1\">Se han aprobado deducciones adicionales para inversiones en digitalizaci\u00f3n y sostenibilidad. Esto beneficia a pymes y aut\u00f3nomos que apuestan por modernizar sus procesos, reduciendo la base imponible del Impuesto de Sociedades o el IRPF en funci\u00f3n de las inversiones realizadas. Es clave conocer los requisitos y plazos para poder aplicar estas deducciones correctamente.<\/p>\n<p class=\"p4\"><b>3. Cambios en el IVA e impuestos indirectos<\/b><b><\/b><\/p>\n<p class=\"p1\">Se han introducido ajustes en el tipo impositivo de determinados bienes y servicios, as\u00ed como modificaciones en las reglas de localizaci\u00f3n para operaciones intracomunitarias. Esto es relevante para empresas con actividad de comercio electr\u00f3nico o servicios internacionales. Nuestra gestor\u00eda en Girona puede asesorarte para aplicar estas reglas y evitar errores comunes.<\/p>\n<h3><b>Novedades laborales: derechos y obligaciones<\/b><\/h3>\n<p class=\"p4\"><b>1. Actualizaci\u00f3n del Salario M\u00ednimo Interprofesional (SMI)<\/b><b><\/b><\/p>\n<p class=\"p1\">El Gobierno ha publicado una nueva actualizaci\u00f3n del Salario M\u00ednimo Interprofesional que impacta directamente en la gesti\u00f3n de n\u00f3minas y costes laborales. Esta modificaci\u00f3n afecta tanto a contratos a tiempo completo como parcial y debe reflejarse en todos los tipos de salarios, pagas extras y complementos retributivos.<\/p>\n<p class=\"p4\"><b>2. Cambios en la contrataci\u00f3n y bonificaciones<\/b><b><\/b><\/p>\n<p class=\"p1\">Se han introducido nuevos incentivos para la contrataci\u00f3n de colectivos espec\u00edficos, como j\u00f3venes, mayores de 45 a\u00f1os o personas en situaci\u00f3n de desempleo de larga duraci\u00f3n. Estos incentivos pueden traducirse en importantes ahorros para tu empresa si se aplican adecuadamente.<\/p>\n<p class=\"p4\"><b>3. Flexibilizaci\u00f3n del teletrabajo<\/b><b><\/b><\/p>\n<p class=\"p1\">Las normas que regulan el teletrabajo se han actualizado para adaptarse a la realidad post-pandemia. Ahora existen nuevas obligaciones de las empresas en cuanto a dotaci\u00f3n de medios, compensaci\u00f3n de gastos y registro de costes relacionados con el teletrabajo. En CG Canig\u00f3 como gestor\u00eda en Girona te ayudamos a implementar pol\u00edticas que cumplan con la normativa y eviten sanciones.<\/p>\n<p>&nbsp;<\/p>\n<p class=\"p1\">En un entorno legislativo din\u00e1mico como el actual, contar con un asesoramiento profesional y actualizado es esencial. En <span class=\"s1\"><b>CG Canig\u00f3<\/b><\/span>, tu <span class=\"s1\"><b>gestor\u00eda en Girona<\/b><\/span>, trabajamos cada d\u00eda para que tu empresa o actividad como aut\u00f3nomo est\u00e9 siempre al d\u00eda con las novedades fiscales y laborales, optimizando tus recursos y reduciendo riesgos innecesarios.<\/p>\n<p class=\"p1\">\u00bfNecesitas ayuda para aplicar alguna de estas novedades en tu empresa? <a href=\"https:\/\/www.cgcanigo.net\/es\/contacto\/\">Contacta<\/a> con nosotros y te asesoraremos de forma personalizada.<\/p>\n<p class=\"p1\">Si te interesa que desarrollemos en detalle alguna de estas novedades o prepararte un calendario de obligaciones fiscales y laborales adaptado a tu negocio en Girona, no dudes en solicitarlo.<\/p>\n","protected":false},"excerpt":{"rendered":"<p>En CG Canig\u00f3, tu gestor\u00eda en Girona de confianza, sabemos lo importante que es para empresarios, aut\u00f3nomos y profesionales estar al d\u00eda con los cambios legislativos que afectan a la fiscalidad y al \u00e1mbito laboral. Cada a\u00f1o el Gobierno introduce reformas que impactan en impuestos, cotizaciones, deducciones, obligaciones formales y derechos laborales. Por eso, en [&hellip;]<\/p>\n","protected":false},"author":1,"featured_media":16698,"comment_status":"closed","ping_status":"open","sticky":false,"template":"","format":"standard","meta":{"footnotes":""},"categories":[2],"tags":[],"class_list":["post-16697","post","type-post","status-publish","format-standard","has-post-thumbnail","hentry","category-sin-categorizar"],"yoast_head":"<!-- This site is optimized with the Yoast SEO plugin v27.5 - https:\/\/yoast.com\/product\/yoast-seo-wordpress\/ -->\n<title>\u25b7 CG Canig\u00f3 &#8226; Novedades legislativas del a\u00f1o en materia fiscal y laboral en Espa\u00f1a<\/title>\n<meta name=\"description\" content=\"En CG Canig\u00f3, tu gestor\u00eda en Girona de confianza, sabemos lo importante que es para empresarios, aut\u00f3nomos y profesionales estar al d\u00eda con los cambios\" \/>\n<meta name=\"robots\" content=\"index, follow, max-snippet:-1, max-image-preview:large, max-video-preview:-1\" \/>\n<link rel=\"canonical\" href=\"http:\/\/www.cgcanigo.net\/es\/novedades-legislativas-del-ano-en-materia-fiscal-y-laboral-en-espana\/\" \/>\n<meta property=\"og:locale\" content=\"es_ES\" \/>\n<meta property=\"og:type\" content=\"article\" \/>\n<meta property=\"og:title\" content=\"\u25b7 CG Canig\u00f3 &#8226; Novedades legislativas del a\u00f1o en materia fiscal y laboral en Espa\u00f1a\" \/>\n<meta property=\"og:description\" content=\"En CG Canig\u00f3, tu gestor\u00eda en Girona de confianza, sabemos lo importante que es para empresarios, aut\u00f3nomos y profesionales estar al d\u00eda con los cambios\" \/>\n<meta property=\"og:url\" content=\"http:\/\/www.cgcanigo.net\/es\/novedades-legislativas-del-ano-en-materia-fiscal-y-laboral-en-espana\/\" \/>\n<meta property=\"og:site_name\" content=\"CG Canig\u00f3\" \/>\n<meta property=\"article:published_time\" content=\"2026-03-03T15:33:48+00:00\" \/>\n<meta property=\"og:image\" content=\"http:\/\/www.cgcanigo.net\/wp-content\/uploads\/2026\/03\/Novedades-legislativas-del-ano-en-materia-fiscal-y-laboral-en-Espana.png\" \/>\n\t<meta property=\"og:image:width\" content=\"800\" \/>\n\t<meta property=\"og:image:height\" content=\"500\" \/>\n\t<meta property=\"og:image:type\" content=\"image\/png\" \/>\n<meta name=\"author\" content=\"cgcanigo\" \/>\n<meta name=\"twitter:card\" content=\"summary_large_image\" \/>\n<meta name=\"twitter:label1\" content=\"Escrito por\" \/>\n\t<meta name=\"twitter:data1\" content=\"cgcanigo\" \/>\n\t<meta name=\"twitter:label2\" content=\"Tiempo de lectura\" \/>\n\t<meta name=\"twitter:data2\" content=\"4 minutos\" \/>\n<script type=\"application\/ld+json\" class=\"yoast-schema-graph\">{\"@context\":\"https:\\\/\\\/schema.org\",\"@graph\":[{\"@type\":\"Article\",\"@id\":\"http:\\\/\\\/www.cgcanigo.net\\\/es\\\/novedades-legislativas-del-ano-en-materia-fiscal-y-laboral-en-espana\\\/#article\",\"isPartOf\":{\"@id\":\"http:\\\/\\\/www.cgcanigo.net\\\/es\\\/novedades-legislativas-del-ano-en-materia-fiscal-y-laboral-en-espana\\\/\"},\"author\":{\"name\":\"cgcanigo\",\"@id\":\"http:\\\/\\\/www.cgcanigo.net\\\/es\\\/#\\\/schema\\\/person\\\/55cfb9ba0d5693a4942275454d9469f8\"},\"headline\":\"Novedades legislativas del a\u00f1o en materia fiscal y laboral en Espa\u00f1a\",\"datePublished\":\"2026-03-03T15:33:48+00:00\",\"mainEntityOfPage\":{\"@id\":\"http:\\\/\\\/www.cgcanigo.net\\\/es\\\/novedades-legislativas-del-ano-en-materia-fiscal-y-laboral-en-espana\\\/\"},\"wordCount\":669,\"publisher\":{\"@id\":\"http:\\\/\\\/www.cgcanigo.net\\\/es\\\/#organization\"},\"image\":{\"@id\":\"http:\\\/\\\/www.cgcanigo.net\\\/es\\\/novedades-legislativas-del-ano-en-materia-fiscal-y-laboral-en-espana\\\/#primaryimage\"},\"thumbnailUrl\":\"http:\\\/\\\/www.cgcanigo.net\\\/wp-content\\\/uploads\\\/2026\\\/03\\\/Novedades-legislativas-del-ano-en-materia-fiscal-y-laboral-en-Espana.png\",\"articleSection\":[\"Sin categorizar\"],\"inLanguage\":\"es\"},{\"@type\":\"WebPage\",\"@id\":\"http:\\\/\\\/www.cgcanigo.net\\\/es\\\/novedades-legislativas-del-ano-en-materia-fiscal-y-laboral-en-espana\\\/\",\"url\":\"http:\\\/\\\/www.cgcanigo.net\\\/es\\\/novedades-legislativas-del-ano-en-materia-fiscal-y-laboral-en-espana\\\/\",\"name\":\"\u25b7 CG Canig\u00f3 &#8226; Novedades legislativas del a\u00f1o en materia fiscal y laboral en Espa\u00f1a\",\"isPartOf\":{\"@id\":\"http:\\\/\\\/www.cgcanigo.net\\\/es\\\/#website\"},\"primaryImageOfPage\":{\"@id\":\"http:\\\/\\\/www.cgcanigo.net\\\/es\\\/novedades-legislativas-del-ano-en-materia-fiscal-y-laboral-en-espana\\\/#primaryimage\"},\"image\":{\"@id\":\"http:\\\/\\\/www.cgcanigo.net\\\/es\\\/novedades-legislativas-del-ano-en-materia-fiscal-y-laboral-en-espana\\\/#primaryimage\"},\"thumbnailUrl\":\"http:\\\/\\\/www.cgcanigo.net\\\/wp-content\\\/uploads\\\/2026\\\/03\\\/Novedades-legislativas-del-ano-en-materia-fiscal-y-laboral-en-Espana.png\",\"datePublished\":\"2026-03-03T15:33:48+00:00\",\"description\":\"En CG Canig\u00f3, tu gestor\u00eda en Girona de confianza, sabemos lo importante que es para empresarios, aut\u00f3nomos y profesionales estar al d\u00eda con los cambios\",\"breadcrumb\":{\"@id\":\"http:\\\/\\\/www.cgcanigo.net\\\/es\\\/novedades-legislativas-del-ano-en-materia-fiscal-y-laboral-en-espana\\\/#breadcrumb\"},\"inLanguage\":\"es\",\"potentialAction\":[{\"@type\":\"ReadAction\",\"target\":[\"http:\\\/\\\/www.cgcanigo.net\\\/es\\\/novedades-legislativas-del-ano-en-materia-fiscal-y-laboral-en-espana\\\/\"]}]},{\"@type\":\"ImageObject\",\"inLanguage\":\"es\",\"@id\":\"http:\\\/\\\/www.cgcanigo.net\\\/es\\\/novedades-legislativas-del-ano-en-materia-fiscal-y-laboral-en-espana\\\/#primaryimage\",\"url\":\"http:\\\/\\\/www.cgcanigo.net\\\/wp-content\\\/uploads\\\/2026\\\/03\\\/Novedades-legislativas-del-ano-en-materia-fiscal-y-laboral-en-Espana.png\",\"contentUrl\":\"http:\\\/\\\/www.cgcanigo.net\\\/wp-content\\\/uploads\\\/2026\\\/03\\\/Novedades-legislativas-del-ano-en-materia-fiscal-y-laboral-en-Espana.png\",\"width\":800,\"height\":500},{\"@type\":\"BreadcrumbList\",\"@id\":\"http:\\\/\\\/www.cgcanigo.net\\\/es\\\/novedades-legislativas-del-ano-en-materia-fiscal-y-laboral-en-espana\\\/#breadcrumb\",\"itemListElement\":[{\"@type\":\"ListItem\",\"position\":1,\"name\":\"Portada\",\"item\":\"https:\\\/\\\/www.cgcanigo.net\\\/es\\\/\"},{\"@type\":\"ListItem\",\"position\":2,\"name\":\"Novedades legislativas del a\u00f1o en materia fiscal y laboral en Espa\u00f1a\"}]},{\"@type\":\"WebSite\",\"@id\":\"http:\\\/\\\/www.cgcanigo.net\\\/es\\\/#website\",\"url\":\"http:\\\/\\\/www.cgcanigo.net\\\/es\\\/\",\"name\":\"CG Canig\u00f3\",\"description\":\"Corredur\u00eda de seguros en Girona\",\"publisher\":{\"@id\":\"http:\\\/\\\/www.cgcanigo.net\\\/es\\\/#organization\"},\"potentialAction\":[{\"@type\":\"SearchAction\",\"target\":{\"@type\":\"EntryPoint\",\"urlTemplate\":\"http:\\\/\\\/www.cgcanigo.net\\\/es\\\/?s={search_term_string}\"},\"query-input\":{\"@type\":\"PropertyValueSpecification\",\"valueRequired\":true,\"valueName\":\"search_term_string\"}}],\"inLanguage\":\"es\"},{\"@type\":\"Organization\",\"@id\":\"http:\\\/\\\/www.cgcanigo.net\\\/es\\\/#organization\",\"name\":\"Corredoria d'assegurances a Girona i Roses\",\"url\":\"http:\\\/\\\/www.cgcanigo.net\\\/es\\\/\",\"logo\":{\"@type\":\"ImageObject\",\"inLanguage\":\"es\",\"@id\":\"http:\\\/\\\/www.cgcanigo.net\\\/es\\\/#\\\/schema\\\/logo\\\/image\\\/\",\"url\":\"http:\\\/\\\/www.cgcanigo.net\\\/wp-content\\\/uploads\\\/2020\\\/03\\\/logo_canigo.png\",\"contentUrl\":\"http:\\\/\\\/www.cgcanigo.net\\\/wp-content\\\/uploads\\\/2020\\\/03\\\/logo_canigo.png\",\"width\":700,\"height\":200,\"caption\":\"Corredoria d'assegurances a Girona i Roses\"},\"image\":{\"@id\":\"http:\\\/\\\/www.cgcanigo.net\\\/es\\\/#\\\/schema\\\/logo\\\/image\\\/\"}},{\"@type\":\"Person\",\"@id\":\"http:\\\/\\\/www.cgcanigo.net\\\/es\\\/#\\\/schema\\\/person\\\/55cfb9ba0d5693a4942275454d9469f8\",\"name\":\"cgcanigo\",\"image\":{\"@type\":\"ImageObject\",\"inLanguage\":\"es\",\"@id\":\"https:\\\/\\\/secure.gravatar.com\\\/avatar\\\/7694a0b9be76b4a06b5aa2ce5f7c3c20d261a800ca4a2f4fc651644cd2673913?s=96&d=mm&r=g\",\"url\":\"https:\\\/\\\/secure.gravatar.com\\\/avatar\\\/7694a0b9be76b4a06b5aa2ce5f7c3c20d261a800ca4a2f4fc651644cd2673913?s=96&d=mm&r=g\",\"contentUrl\":\"https:\\\/\\\/secure.gravatar.com\\\/avatar\\\/7694a0b9be76b4a06b5aa2ce5f7c3c20d261a800ca4a2f4fc651644cd2673913?s=96&d=mm&r=g\",\"caption\":\"cgcanigo\"},\"url\":\"http:\\\/\\\/www.cgcanigo.net\\\/es\\\/author\\\/cgcanigo\\\/\"}]}<\/script>\n<!-- \/ Yoast SEO plugin. -->","yoast_head_json":{"title":"\u25b7 CG Canig\u00f3 &#8226; Novedades legislativas del a\u00f1o en materia fiscal y laboral en Espa\u00f1a","description":"En CG Canig\u00f3, tu gestor\u00eda en Girona de confianza, sabemos lo importante que es para empresarios, aut\u00f3nomos y profesionales estar al d\u00eda con los cambios","robots":{"index":"index","follow":"follow","max-snippet":"max-snippet:-1","max-image-preview":"max-image-preview:large","max-video-preview":"max-video-preview:-1"},"canonical":"http:\/\/www.cgcanigo.net\/es\/novedades-legislativas-del-ano-en-materia-fiscal-y-laboral-en-espana\/","og_locale":"es_ES","og_type":"article","og_title":"\u25b7 CG Canig\u00f3 &#8226; Novedades legislativas del a\u00f1o en materia fiscal y laboral en Espa\u00f1a","og_description":"En CG Canig\u00f3, tu gestor\u00eda en Girona de confianza, sabemos lo importante que es para empresarios, aut\u00f3nomos y profesionales estar al d\u00eda con los cambios","og_url":"http:\/\/www.cgcanigo.net\/es\/novedades-legislativas-del-ano-en-materia-fiscal-y-laboral-en-espana\/","og_site_name":"CG Canig\u00f3","article_published_time":"2026-03-03T15:33:48+00:00","og_image":[{"width":800,"height":500,"url":"http:\/\/www.cgcanigo.net\/wp-content\/uploads\/2026\/03\/Novedades-legislativas-del-ano-en-materia-fiscal-y-laboral-en-Espana.png","type":"image\/png"}],"author":"cgcanigo","twitter_card":"summary_large_image","twitter_misc":{"Escrito por":"cgcanigo","Tiempo de lectura":"4 minutos"},"schema":{"@context":"https:\/\/schema.org","@graph":[{"@type":"Article","@id":"http:\/\/www.cgcanigo.net\/es\/novedades-legislativas-del-ano-en-materia-fiscal-y-laboral-en-espana\/#article","isPartOf":{"@id":"http:\/\/www.cgcanigo.net\/es\/novedades-legislativas-del-ano-en-materia-fiscal-y-laboral-en-espana\/"},"author":{"name":"cgcanigo","@id":"http:\/\/www.cgcanigo.net\/es\/#\/schema\/person\/55cfb9ba0d5693a4942275454d9469f8"},"headline":"Novedades legislativas del a\u00f1o en materia fiscal y laboral en Espa\u00f1a","datePublished":"2026-03-03T15:33:48+00:00","mainEntityOfPage":{"@id":"http:\/\/www.cgcanigo.net\/es\/novedades-legislativas-del-ano-en-materia-fiscal-y-laboral-en-espana\/"},"wordCount":669,"publisher":{"@id":"http:\/\/www.cgcanigo.net\/es\/#organization"},"image":{"@id":"http:\/\/www.cgcanigo.net\/es\/novedades-legislativas-del-ano-en-materia-fiscal-y-laboral-en-espana\/#primaryimage"},"thumbnailUrl":"http:\/\/www.cgcanigo.net\/wp-content\/uploads\/2026\/03\/Novedades-legislativas-del-ano-en-materia-fiscal-y-laboral-en-Espana.png","articleSection":["Sin categorizar"],"inLanguage":"es"},{"@type":"WebPage","@id":"http:\/\/www.cgcanigo.net\/es\/novedades-legislativas-del-ano-en-materia-fiscal-y-laboral-en-espana\/","url":"http:\/\/www.cgcanigo.net\/es\/novedades-legislativas-del-ano-en-materia-fiscal-y-laboral-en-espana\/","name":"\u25b7 CG Canig\u00f3 &#8226; Novedades legislativas del a\u00f1o en materia fiscal y laboral en Espa\u00f1a","isPartOf":{"@id":"http:\/\/www.cgcanigo.net\/es\/#website"},"primaryImageOfPage":{"@id":"http:\/\/www.cgcanigo.net\/es\/novedades-legislativas-del-ano-en-materia-fiscal-y-laboral-en-espana\/#primaryimage"},"image":{"@id":"http:\/\/www.cgcanigo.net\/es\/novedades-legislativas-del-ano-en-materia-fiscal-y-laboral-en-espana\/#primaryimage"},"thumbnailUrl":"http:\/\/www.cgcanigo.net\/wp-content\/uploads\/2026\/03\/Novedades-legislativas-del-ano-en-materia-fiscal-y-laboral-en-Espana.png","datePublished":"2026-03-03T15:33:48+00:00","description":"En CG Canig\u00f3, tu gestor\u00eda en Girona de confianza, sabemos lo importante que es para empresarios, aut\u00f3nomos y profesionales estar al d\u00eda con los cambios","breadcrumb":{"@id":"http:\/\/www.cgcanigo.net\/es\/novedades-legislativas-del-ano-en-materia-fiscal-y-laboral-en-espana\/#breadcrumb"},"inLanguage":"es","potentialAction":[{"@type":"ReadAction","target":["http:\/\/www.cgcanigo.net\/es\/novedades-legislativas-del-ano-en-materia-fiscal-y-laboral-en-espana\/"]}]},{"@type":"ImageObject","inLanguage":"es","@id":"http:\/\/www.cgcanigo.net\/es\/novedades-legislativas-del-ano-en-materia-fiscal-y-laboral-en-espana\/#primaryimage","url":"http:\/\/www.cgcanigo.net\/wp-content\/uploads\/2026\/03\/Novedades-legislativas-del-ano-en-materia-fiscal-y-laboral-en-Espana.png","contentUrl":"http:\/\/www.cgcanigo.net\/wp-content\/uploads\/2026\/03\/Novedades-legislativas-del-ano-en-materia-fiscal-y-laboral-en-Espana.png","width":800,"height":500},{"@type":"BreadcrumbList","@id":"http:\/\/www.cgcanigo.net\/es\/novedades-legislativas-del-ano-en-materia-fiscal-y-laboral-en-espana\/#breadcrumb","itemListElement":[{"@type":"ListItem","position":1,"name":"Portada","item":"https:\/\/www.cgcanigo.net\/es\/"},{"@type":"ListItem","position":2,"name":"Novedades legislativas del a\u00f1o en materia fiscal y laboral en Espa\u00f1a"}]},{"@type":"WebSite","@id":"http:\/\/www.cgcanigo.net\/es\/#website","url":"http:\/\/www.cgcanigo.net\/es\/","name":"CG Canig\u00f3","description":"Corredur\u00eda de seguros en Girona","publisher":{"@id":"http:\/\/www.cgcanigo.net\/es\/#organization"},"potentialAction":[{"@type":"SearchAction","target":{"@type":"EntryPoint","urlTemplate":"http:\/\/www.cgcanigo.net\/es\/?s={search_term_string}"},"query-input":{"@type":"PropertyValueSpecification","valueRequired":true,"valueName":"search_term_string"}}],"inLanguage":"es"},{"@type":"Organization","@id":"http:\/\/www.cgcanigo.net\/es\/#organization","name":"Corredoria d'assegurances a Girona i Roses","url":"http:\/\/www.cgcanigo.net\/es\/","logo":{"@type":"ImageObject","inLanguage":"es","@id":"http:\/\/www.cgcanigo.net\/es\/#\/schema\/logo\/image\/","url":"http:\/\/www.cgcanigo.net\/wp-content\/uploads\/2020\/03\/logo_canigo.png","contentUrl":"http:\/\/www.cgcanigo.net\/wp-content\/uploads\/2020\/03\/logo_canigo.png","width":700,"height":200,"caption":"Corredoria d'assegurances a Girona i Roses"},"image":{"@id":"http:\/\/www.cgcanigo.net\/es\/#\/schema\/logo\/image\/"}},{"@type":"Person","@id":"http:\/\/www.cgcanigo.net\/es\/#\/schema\/person\/55cfb9ba0d5693a4942275454d9469f8","name":"cgcanigo","image":{"@type":"ImageObject","inLanguage":"es","@id":"https:\/\/secure.gravatar.com\/avatar\/7694a0b9be76b4a06b5aa2ce5f7c3c20d261a800ca4a2f4fc651644cd2673913?s=96&d=mm&r=g","url":"https:\/\/secure.gravatar.com\/avatar\/7694a0b9be76b4a06b5aa2ce5f7c3c20d261a800ca4a2f4fc651644cd2673913?s=96&d=mm&r=g","contentUrl":"https:\/\/secure.gravatar.com\/avatar\/7694a0b9be76b4a06b5aa2ce5f7c3c20d261a800ca4a2f4fc651644cd2673913?s=96&d=mm&r=g","caption":"cgcanigo"},"url":"http:\/\/www.cgcanigo.net\/es\/author\/cgcanigo\/"}]}},"_links":{"self":[{"href":"http:\/\/www.cgcanigo.net\/es\/wp-json\/wp\/v2\/posts\/16697","targetHints":{"allow":["GET"]}}],"collection":[{"href":"http:\/\/www.cgcanigo.net\/es\/wp-json\/wp\/v2\/posts"}],"about":[{"href":"http:\/\/www.cgcanigo.net\/es\/wp-json\/wp\/v2\/types\/post"}],"author":[{"embeddable":true,"href":"http:\/\/www.cgcanigo.net\/es\/wp-json\/wp\/v2\/users\/1"}],"replies":[{"embeddable":true,"href":"http:\/\/www.cgcanigo.net\/es\/wp-json\/wp\/v2\/comments?post=16697"}],"version-history":[{"count":1,"href":"http:\/\/www.cgcanigo.net\/es\/wp-json\/wp\/v2\/posts\/16697\/revisions"}],"predecessor-version":[{"id":16699,"href":"http:\/\/www.cgcanigo.net\/es\/wp-json\/wp\/v2\/posts\/16697\/revisions\/16699"}],"wp:featuredmedia":[{"embeddable":true,"href":"http:\/\/www.cgcanigo.net\/es\/wp-json\/wp\/v2\/media\/16698"}],"wp:attachment":[{"href":"http:\/\/www.cgcanigo.net\/es\/wp-json\/wp\/v2\/media?parent=16697"}],"wp:term":[{"taxonomy":"category","embeddable":true,"href":"http:\/\/www.cgcanigo.net\/es\/wp-json\/wp\/v2\/categories?post=16697"},{"taxonomy":"post_tag","embeddable":true,"href":"http:\/\/www.cgcanigo.net\/es\/wp-json\/wp\/v2\/tags?post=16697"}],"curies":[{"name":"wp","href":"https:\/\/api.w.org\/{rel}","templated":true}]}}